{"id":17,"date":"2014-09-13T09:04:46","date_gmt":"2014-09-13T07:04:46","guid":{"rendered":"http:\/\/www.petigny.com\/albert\/?p=17"},"modified":"2014-09-13T09:08:09","modified_gmt":"2014-09-13T07:08:09","slug":"cure-de-mots","status":"publish","type":"post","link":"http:\/\/www.petigny.com\/albert\/cure-de-mots\/","title":{"rendered":"Cure de mots"},"content":{"rendered":"<p><strong>Edit :<\/strong> la note suivante est rest\u00e9e en brouillon quelques semaines&#8230; je la publie aujourd&rsquo;hui suite \u00e0 <a href=\"https:\/\/www.facebook.com\/sebravut\/posts\/10153236468459782\">cet \u00e9change lanc\u00e9 par S\u00e9bastien Ravut<\/a>.<br \/>\nEchange qui n&rsquo;a fait que me rappeler l&rsquo;importance que j&rsquo;attache aux mots, \u00e0 leur histoire, leur sens et surtout\u00a0aux id\u00e9es qu&rsquo;ils peuvent transmettre.<\/p>\n<p><a href=\"http:\/\/www.petigny.com\/albert\/wp-content\/uploads\/sites\/2\/2014\/08\/lesmots.png\"><img loading=\"lazy\" decoding=\"async\" class=\"alignnone size-full wp-image-32\" src=\"http:\/\/www.petigny.com\/albert\/wp-content\/uploads\/sites\/2\/2014\/08\/lesmots.png\" alt=\"lesmots\" width=\"500\" height=\"203\" srcset=\"http:\/\/www.petigny.com\/albert\/wp-content\/uploads\/sites\/2\/2014\/08\/lesmots.png 500w, http:\/\/www.petigny.com\/albert\/wp-content\/uploads\/sites\/2\/2014\/08\/lesmots-300x121.png 300w\" sizes=\"auto, (max-width: 500px) 100vw, 500px\" \/><\/a><\/p>\n<p>Je parlais dans <a title=\"Ces id\u00e9es du matin\u2026\" href=\"http:\/\/www.petigny.com\/albert\/2014\/08\/21\/ces-idees-du-matin\/\">ce pr\u00e9c\u00e9dent billet<\/a>\u00a0de ces id\u00e9es du matin. Voici celle qui s&rsquo;est impos\u00e9e \u00e0 moi ce\u00a020 ao\u00fbt\u00a0vers 7h30 :<\/p>\n<blockquote><p>Et si dans la ligne de cette mode des cures en 21 jours, nous imaginions une cure de mots ?<\/p><\/blockquote>\n<p>Imaginons : 3 mots \u00e0 explorer sur 3 jours, \u00e0 renouveler 7 fois.<\/p>\n<p>Soit, 21 mots en 21 jours.<\/p>\n<p>Pourquoi mettre les mots par trois ? parce que c&rsquo;est joli \ud83d\ude09<br \/>\nEn plus, \u00e7a fait s\u00e9rieux dans une m\u00e9thode de marier les chiffres et les lettres, non ?<\/p>\n<p>Voici mes trois premiers mots, les mots que je vais m&rsquo;\u00e9vertuer \u00e0 explorer, apprivoiser, retourner pendant ces trois premiers jours\u00a0:<\/p>\n<ul>\n<li>Douceur<\/li>\n<li>Apaisement<\/li>\n<li>Compr\u00e9hension<\/li>\n<\/ul>\n<p>Comment ces mots sont arriv\u00e9s ? presque tir\u00e9s d&rsquo;un chapeau, ils sont venus \u00a0\u00e0 moi en m\u00eame temps que l&rsquo;id\u00e9e de cette cure de mots. Il est vrai que si les mots \u00e9taient : cornichon, pneu et bruine \u00e7a donnerait tout de suite un sens diff\u00e9rent \u00e0 cet exercice que mon cerveau a sans doute imagin\u00e9 suite\u00a0\u00e0 mes r\u00e9centes lectures sur <a href=\"http:\/\/oulipo.net\/fr\/oulipiens\/o\">l&rsquo;Oulipo<\/a> et a un \u00e9change \u00e0 propos de TOC de l&rsquo;\u00e9poque.<\/p>\n<p>Une fois que nous avons ces mots, reste \u00e0 voir ce que nous pouvons en faire&#8230;<\/p>\n<p>&nbsp;<\/p>\n<p>&nbsp;<\/p>\n<p>&nbsp;<\/p>\n","protected":false},"excerpt":{"rendered":"<p>Edit : la note suivante est rest\u00e9e en brouillon quelques semaines&#8230; je la publie aujourd&rsquo;hui suite \u00e0 cet \u00e9change lanc\u00e9 par S\u00e9bastien Ravut. Echange qui n&rsquo;a fait que me rappeler l&rsquo;importance que j&rsquo;attache aux mots, \u00e0 leur histoire, leur sens et surtout\u00a0aux id\u00e9es qu&rsquo;ils peuvent transmettre. Je parlais dans ce pr\u00e9c\u00e9dent billet\u00a0de ces id\u00e9es du [&hellip;]<\/p>\n","protected":false},"author":1,"featured_media":0,"comment_status":"open","ping_status":"open","sticky":false,"template":"","format":"standard","meta":{"footnotes":"","_share_on_mastodon":"0"},"categories":[7],"tags":[],"class_list":["post-17","post","type-post","status-publish","format-standard","hentry","category-cure-de-mots"],"share_on_mastodon":{"url":"","error":""},"_links":{"self":[{"href":"http:\/\/www.petigny.com\/albert\/wp-json\/wp\/v2\/posts\/17","targetHints":{"allow":["GET"]}}],"collection":[{"href":"http:\/\/www.petigny.com\/albert\/wp-json\/wp\/v2\/posts"}],"about":[{"href":"http:\/\/www.petigny.com\/albert\/wp-json\/wp\/v2\/types\/post"}],"author":[{"embeddable":true,"href":"http:\/\/www.petigny.com\/albert\/wp-json\/wp\/v2\/users\/1"}],"replies":[{"embeddable":true,"href":"http:\/\/www.petigny.com\/albert\/wp-json\/wp\/v2\/comments?post=17"}],"version-history":[{"count":2,"href":"http:\/\/www.petigny.com\/albert\/wp-json\/wp\/v2\/posts\/17\/revisions"}],"predecessor-version":[{"id":33,"href":"http:\/\/www.petigny.com\/albert\/wp-json\/wp\/v2\/posts\/17\/revisions\/33"}],"wp:attachment":[{"href":"http:\/\/www.petigny.com\/albert\/wp-json\/wp\/v2\/media?parent=17"}],"wp:term":[{"taxonomy":"category","embeddable":true,"href":"http:\/\/www.petigny.com\/albert\/wp-json\/wp\/v2\/categories?post=17"},{"taxonomy":"post_tag","embeddable":true,"href":"http:\/\/www.petigny.com\/albert\/wp-json\/wp\/v2\/tags?post=17"}],"curies":[{"name":"wp","href":"https:\/\/api.w.org\/{rel}","templated":true}]}}