{"id":376,"date":"2016-12-29T23:57:07","date_gmt":"2016-12-29T22:57:07","guid":{"rendered":"http:\/\/www.petigny.com\/albert\/?p=376"},"modified":"2016-12-30T00:08:38","modified_gmt":"2016-12-29T23:08:38","slug":"je-suis-de-gauche-ou-de-droite-le-clairon-tv","status":"publish","type":"post","link":"http:\/\/www.petigny.com\/albert\/je-suis-de-gauche-ou-de-droite-le-clairon-tv\/","title":{"rendered":"Je suis de gauche ou de droite ? | Le Clairon.tv"},"content":{"rendered":"<p>Pas grand chose \u00e0 ajouter \u00e0 ce billet de Cyrille de Lasteyrie\u2026<\/p>\n<blockquote><p>Je vais devenir cingl\u00e9 avec cette question sans queue ni t\u00eate.Je suis n\u00e9 dans un cocon de droite. Banlieue ouest. Catholique. Baptis\u00e9 et d\u00e9riv\u00e9s. Pas d&rsquo;exc\u00e8s mais de quoi vivre comme il faut, \u00e9tudier dans de bonnes \u00e9coles, jouer au tennis et partir en voyage linguistique \u00e0 Folkstone.<\/p><\/blockquote>\n<p>Source&nbsp;: <em><a href=\"http:\/\/leclairon.tv\/site\/index.php\/2015\/08\/17\/je-suis-de-gauche-ou-de-droite\/\">Je suis de gauche ou de droite ? | Le Clairon.tv<\/a><\/em><\/p>\n","protected":false},"excerpt":{"rendered":"<p>Pas grand chose \u00e0 ajouter \u00e0 ce billet de Cyrille de Lasteyrie\u2026 Je vais devenir cingl\u00e9 avec cette question sans queue ni t\u00eate.Je suis n\u00e9 dans un cocon de droite. Banlieue ouest. Catholique. Baptis\u00e9 et d\u00e9riv\u00e9s. Pas d&rsquo;exc\u00e8s mais de quoi vivre comme il faut, \u00e9tudier dans de bonnes \u00e9coles, jouer au tennis et partir [&hellip;]<\/p>\n","protected":false},"author":1,"featured_media":0,"comment_status":"open","ping_status":"open","sticky":false,"template":"","format":"link","meta":{"footnotes":"","_share_on_mastodon":"0"},"categories":[44],"tags":[45],"class_list":["post-376","post","type-post","status-publish","format-link","hentry","category-vu-sur-la-toile","tag-politique","post_format-post-format-link"],"share_on_mastodon":{"url":"","error":""},"_links":{"self":[{"href":"http:\/\/www.petigny.com\/albert\/wp-json\/wp\/v2\/posts\/376","targetHints":{"allow":["GET"]}}],"collection":[{"href":"http:\/\/www.petigny.com\/albert\/wp-json\/wp\/v2\/posts"}],"about":[{"href":"http:\/\/www.petigny.com\/albert\/wp-json\/wp\/v2\/types\/post"}],"author":[{"embeddable":true,"href":"http:\/\/www.petigny.com\/albert\/wp-json\/wp\/v2\/users\/1"}],"replies":[{"embeddable":true,"href":"http:\/\/www.petigny.com\/albert\/wp-json\/wp\/v2\/comments?post=376"}],"version-history":[{"count":4,"href":"http:\/\/www.petigny.com\/albert\/wp-json\/wp\/v2\/posts\/376\/revisions"}],"predecessor-version":[{"id":381,"href":"http:\/\/www.petigny.com\/albert\/wp-json\/wp\/v2\/posts\/376\/revisions\/381"}],"wp:attachment":[{"href":"http:\/\/www.petigny.com\/albert\/wp-json\/wp\/v2\/media?parent=376"}],"wp:term":[{"taxonomy":"category","embeddable":true,"href":"http:\/\/www.petigny.com\/albert\/wp-json\/wp\/v2\/categories?post=376"},{"taxonomy":"post_tag","embeddable":true,"href":"http:\/\/www.petigny.com\/albert\/wp-json\/wp\/v2\/tags?post=376"}],"curies":[{"name":"wp","href":"https:\/\/api.w.org\/{rel}","templated":true}]}}