{"id":633,"date":"2018-04-25T09:47:29","date_gmt":"2018-04-25T07:47:29","guid":{"rendered":"http:\/\/www.petigny.com\/albert\/?p=633"},"modified":"2018-04-25T09:55:40","modified_gmt":"2018-04-25T07:55:40","slug":"internet-nous-rend-il-cons","status":"publish","type":"post","link":"http:\/\/www.petigny.com\/albert\/internet-nous-rend-il-cons\/","title":{"rendered":"Internet nous rend-il cons ?"},"content":{"rendered":"<blockquote><p>Il semblerait que la r\u00e9ponse soit : oui. Et \u00e7a fait flipper ! Heureusement\u2026 on commence \u00e0 prendre conscience du probl\u00e8me, et quelques solutions \u00e9mergent\u2026<\/p><\/blockquote>\n<p>Source\u00a0: <em><a href=\"http:\/\/www.ladn.eu\/tech-a-suivre\/data-big-et-smart\/internet-nous-rend-il-cons\/\">LADN<\/a><\/em><\/p>\n<p><strong>Note perso<\/strong> : Cet article de l&rsquo;ADN parle notamment de la guerre de l&rsquo;attention et du lien entre m\u00e9moire et sollicitation permanente.<br \/>\nCeci \u00e9tant, apr\u00e8s bient\u00f4t 49 ans sur cette petite terre, j&rsquo;en viens \u00e0 la conclusion qu&rsquo;\u00e0 haute dose, TOUT rend con. Vive la diversit\u00e9 !<\/p>\n","protected":false},"excerpt":{"rendered":"<p>Il semblerait que la r\u00e9ponse soit : oui. Et \u00e7a fait flipper ! Heureusement\u2026 on commence \u00e0 prendre conscience du probl\u00e8me, et quelques solutions \u00e9mergent\u2026 Source\u00a0: LADN Note perso : Cet article de l&rsquo;ADN parle notamment de la guerre de l&rsquo;attention et du lien entre m\u00e9moire et sollicitation permanente. Ceci \u00e9tant, apr\u00e8s bient\u00f4t 49 ans [&hellip;]<\/p>\n","protected":false},"author":1,"featured_media":0,"comment_status":"open","ping_status":"open","sticky":false,"template":"","format":"link","meta":{"footnotes":"","_share_on_mastodon":"0"},"categories":[44],"tags":[],"class_list":["post-633","post","type-post","status-publish","format-link","hentry","category-vu-sur-la-toile","post_format-post-format-link"],"share_on_mastodon":{"url":"","error":""},"_links":{"self":[{"href":"http:\/\/www.petigny.com\/albert\/wp-json\/wp\/v2\/posts\/633","targetHints":{"allow":["GET"]}}],"collection":[{"href":"http:\/\/www.petigny.com\/albert\/wp-json\/wp\/v2\/posts"}],"about":[{"href":"http:\/\/www.petigny.com\/albert\/wp-json\/wp\/v2\/types\/post"}],"author":[{"embeddable":true,"href":"http:\/\/www.petigny.com\/albert\/wp-json\/wp\/v2\/users\/1"}],"replies":[{"embeddable":true,"href":"http:\/\/www.petigny.com\/albert\/wp-json\/wp\/v2\/comments?post=633"}],"version-history":[{"count":4,"href":"http:\/\/www.petigny.com\/albert\/wp-json\/wp\/v2\/posts\/633\/revisions"}],"predecessor-version":[{"id":637,"href":"http:\/\/www.petigny.com\/albert\/wp-json\/wp\/v2\/posts\/633\/revisions\/637"}],"wp:attachment":[{"href":"http:\/\/www.petigny.com\/albert\/wp-json\/wp\/v2\/media?parent=633"}],"wp:term":[{"taxonomy":"category","embeddable":true,"href":"http:\/\/www.petigny.com\/albert\/wp-json\/wp\/v2\/categories?post=633"},{"taxonomy":"post_tag","embeddable":true,"href":"http:\/\/www.petigny.com\/albert\/wp-json\/wp\/v2\/tags?post=633"}],"curies":[{"name":"wp","href":"https:\/\/api.w.org\/{rel}","templated":true}]}}