{"id":707,"date":"2020-09-10T12:22:47","date_gmt":"2020-09-10T10:22:47","guid":{"rendered":"http:\/\/www.petigny.com\/albert\/?p=707"},"modified":"2020-09-10T12:22:49","modified_gmt":"2020-09-10T10:22:49","slug":"ralentissons","status":"publish","type":"post","link":"http:\/\/www.petigny.com\/albert\/ralentissons\/","title":{"rendered":"Ralentissons !!"},"content":{"rendered":"\n<figure class=\"wp-block-image size-large\"><img loading=\"lazy\" decoding=\"async\" width=\"1000\" height=\"514\" src=\"http:\/\/www.petigny.com\/albert\/wp-content\/uploads\/sites\/2\/2020\/09\/escargot-CCO.jpg\" alt=\"\" class=\"wp-image-708\" srcset=\"http:\/\/www.petigny.com\/albert\/wp-content\/uploads\/sites\/2\/2020\/09\/escargot-CCO.jpg 1000w, http:\/\/www.petigny.com\/albert\/wp-content\/uploads\/sites\/2\/2020\/09\/escargot-CCO-400x206.jpg 400w, http:\/\/www.petigny.com\/albert\/wp-content\/uploads\/sites\/2\/2020\/09\/escargot-CCO-768x395.jpg 768w\" sizes=\"auto, (max-width: 1000px) 100vw, 1000px\" \/><figcaption>Photo : Chris Peeters &#8211; CC0<\/figcaption><\/figure>\n\n\n\n<p>Entre le <a href=\"https:\/\/public.wmo.int\/en\/media\/press-release\/united-science-report-climate-change-has-not-stopped-covid19\">rapport de l&rsquo;OMM (organisation m\u00e9t\u00e9orologique mondiale) publi\u00e9 ce mercredi par l&rsquo;ONU <\/a>et qui dresse un \u00e9tat des lieux alarmant et le <a href=\"https:\/\/www.wwf.fr\/vous-informer\/actualites\/rapport-planete-vivante-2020\">rapport Plan\u00e8te Vivante du WWF publi\u00e9 ce jeudi<\/a> (<em>les populations d\u00a0\u00bbanimaux sauvages ont chut\u00e9 en moyenne de 68 % entre 1970 et 2016<\/em>), il me semble que l&rsquo;urgence est plus que jamais \u00e0 ralentir.<\/p>\n\n\n\n<p>Par ailleurs, ralentir est \u00e9galement une option tout \u00e0 fait int\u00e9ressante pour limiter la vitesse de propagation d&rsquo;un virus qui ne se propage que parce que nous bougeons.<\/p>\n\n\n\n<p>La question qui vient ensuite est \u00ab\u00a0<em>Ralentir, soit, mais quelles en seront les cons\u00e9quences ?<\/em>\u00a0\u00bb et bien justement, parlons-on, d\u00e9battons, voyons les probl\u00e8mes que cela peut g\u00e9n\u00e9rer et imaginons des solutions n\u00e9cessaires.<\/p>\n\n\n\n<p>A notre petite \u00e9chelle, entre Angers et Nantes, <a href=\"https:\/\/www.theatredelevre.fr\/evenement\/ralentissons\/\">3 jours de festival sont organis\u00e9s pas le Th\u00e9\u00e2tre de l&rsquo;Evre les 18\/19\/20 septembre<\/a> autour de ce th\u00e8me du ralentissement. Ce festival s&rsquo;inscrit dans un ensemble plus large de rendez-vous un peu partout en France, Suisse et Belgique dans le cadre de <a href=\"https:\/\/fete-des-possibles.org\/\">La f\u00eate des possibles<\/a> (tous les rendez-vous sont \u00e0 d\u00e9couvrir <a href=\"https:\/\/fete-des-possibles.org\/\">sur le site<\/a>).<\/p>\n\n\n\n<figure class=\"wp-block-image size-large\"><img loading=\"lazy\" decoding=\"async\" width=\"681\" height=\"692\" src=\"http:\/\/www.petigny.com\/albert\/wp-content\/uploads\/sites\/2\/2020\/09\/Capture-de\u0301cran-2020-09-10-a\u0300-12.15.19.png\" alt=\"\" class=\"wp-image-709\" srcset=\"http:\/\/www.petigny.com\/albert\/wp-content\/uploads\/sites\/2\/2020\/09\/Capture-de\u0301cran-2020-09-10-a\u0300-12.15.19.png 681w, http:\/\/www.petigny.com\/albert\/wp-content\/uploads\/sites\/2\/2020\/09\/Capture-de\u0301cran-2020-09-10-a\u0300-12.15.19-394x400.png 394w\" sizes=\"auto, (max-width: 681px) 100vw, 681px\" \/><figcaption>Festival Ralentissons &#8211; Le Marillais (49) &#8211; 18\/19 et 20 septembre 2020<\/figcaption><\/figure>\n\n\n\n<p>J&rsquo;esp\u00e8re vivement que les visiteurs ne seront pas seulement dans le mode \u00ab\u00a0<em>Oh ! oui, ralentissons, d&rsquo;ailleurs, moi-m\u00eame j&rsquo;ai d\u00e9j\u00e0 beaucoup frein\u00e9<\/em>\u00a0\u00bb mais \u00e9galement dans le mode \u00ab\u00a0<em>Ralentir ? mais et notre \u00e9conomie alors ? si nous ralentissons les achats, que faire de la production en cours ? que ferons les personnes qui perdront leur emploi ? avec quel argent paierons-nous nos pr\u00eats, notre loyer ?<\/em>\u00ab\u00a0<\/p>\n\n\n\n<p>Car oui, le d\u00e9bat est n\u00e9cessaire, les enjeux complexes et les solutions multiples. <br><br><strong>Liens vers les rapports cit\u00e9s :<\/strong><br><a href=\"https:\/\/public.wmo.int\/en\/media\/press-release\/united-science-report-climate-change-has-not-stopped-covid19\">https:\/\/public.wmo.int\/en\/media\/press-release\/united-science-report-climate-change-has-not-stopped-covid19<\/a><br><a href=\"https:\/\/www.wwf.fr\/vous-informer\/actualites\/rapport-planete-vivante-2020\">https:\/\/www.wwf.fr\/vous-informer\/actualites\/rapport-planete-vivante-2020<\/a><\/p>\n\n\n\n<p><\/p>\n","protected":false},"excerpt":{"rendered":"<p>Entre le rapport de l&rsquo;OMM (organisation m\u00e9t\u00e9orologique mondiale) publi\u00e9 ce mercredi par l&rsquo;ONU et qui dresse un \u00e9tat des lieux alarmant et le rapport Plan\u00e8te Vivante du WWF publi\u00e9 ce jeudi (les populations d\u00a0\u00bbanimaux sauvages ont chut\u00e9 en moyenne de 68 % entre 1970 et 2016), il me semble que l&rsquo;urgence est plus que jamais [&hellip;]<\/p>\n","protected":false},"author":1,"featured_media":0,"comment_status":"open","ping_status":"open","sticky":false,"template":"","format":"aside","meta":{"footnotes":"","_share_on_mastodon":"0"},"categories":[12],"tags":[129,128,81,45,127],"class_list":["post-707","post","type-post","status-publish","format-aside","hentry","category-actualite","tag-economie","tag-fetes-des-possibles","tag-philosophie","tag-politique","tag-ralentissement","post_format-post-format-aside"],"share_on_mastodon":{"url":"","error":""},"_links":{"self":[{"href":"http:\/\/www.petigny.com\/albert\/wp-json\/wp\/v2\/posts\/707","targetHints":{"allow":["GET"]}}],"collection":[{"href":"http:\/\/www.petigny.com\/albert\/wp-json\/wp\/v2\/posts"}],"about":[{"href":"http:\/\/www.petigny.com\/albert\/wp-json\/wp\/v2\/types\/post"}],"author":[{"embeddable":true,"href":"http:\/\/www.petigny.com\/albert\/wp-json\/wp\/v2\/users\/1"}],"replies":[{"embeddable":true,"href":"http:\/\/www.petigny.com\/albert\/wp-json\/wp\/v2\/comments?post=707"}],"version-history":[{"count":2,"href":"http:\/\/www.petigny.com\/albert\/wp-json\/wp\/v2\/posts\/707\/revisions"}],"predecessor-version":[{"id":711,"href":"http:\/\/www.petigny.com\/albert\/wp-json\/wp\/v2\/posts\/707\/revisions\/711"}],"wp:attachment":[{"href":"http:\/\/www.petigny.com\/albert\/wp-json\/wp\/v2\/media?parent=707"}],"wp:term":[{"taxonomy":"category","embeddable":true,"href":"http:\/\/www.petigny.com\/albert\/wp-json\/wp\/v2\/categories?post=707"},{"taxonomy":"post_tag","embeddable":true,"href":"http:\/\/www.petigny.com\/albert\/wp-json\/wp\/v2\/tags?post=707"}],"curies":[{"name":"wp","href":"https:\/\/api.w.org\/{rel}","templated":true}]}}