{"id":720,"date":"2020-12-16T18:41:55","date_gmt":"2020-12-16T17:41:55","guid":{"rendered":"http:\/\/www.petigny.com\/albert\/?p=720"},"modified":"2021-02-13T16:27:35","modified_gmt":"2021-02-13T15:27:35","slug":"invitation","status":"publish","type":"post","link":"http:\/\/www.petigny.com\/albert\/invitation\/","title":{"rendered":"Invitation\u2026"},"content":{"rendered":"\n<blockquote class=\"wp-block-quote is-layout-flow wp-block-quote-is-layout-flow\"><p>Ce billet est une invitation \u00e0 partager une r\u00e9flexion (et j&rsquo;esp\u00e8re de l&rsquo;action\u2026) sur un projet visant \u00e0 contribuer \u00e0 une plus grande utilisation d&rsquo;outils informatiques libres et ouverts dans la cr\u00e9ation et la diffusion litt\u00e9raire et graphique. Bon\u2026 dit comme \u00e7a, c&rsquo;est peut-\u00eatre pas assez sexy\u2026 Mais je fais confiance aux lecteurs et lectrices pour ne pas s&rsquo;arr\u00eater \u00e0 l&rsquo;intro \ud83d\ude42<\/p><\/blockquote>\n\n\n\n<h2 class=\"wp-block-heading\">Un peu de contexte<\/h2>\n\n\n\n<p>Depuis quelques temps d\u00e9j\u00e0 (disons 1987), j&rsquo;explore les solutions num\u00e9riques.<\/p>\n\n\n\n<p>Depuis 2002, j&rsquo;applique cette curiosit\u00e9 \u00e0 <a href=\"https:\/\/www.pourpenser.fr\">Pourpenser<\/a>, la maison d&rsquo;\u00e9dition co-cr\u00e9\u00e9e avec ma s\u0153ur <a href=\"http:\/\/www.alinedepetigny.com\">Aline<\/a>.<\/p>\n\n\n\n<p>Cela nous a permis d\u00e8s 2004 d&rsquo;avoir un site marchand et de d\u00e9velopper une communaut\u00e9 autour de notre projet \u00e9ditorial, communaut\u00e9 qui n&rsquo;h\u00e9site pas \u00e0 aller chercher nos livres en librairie et \u00e0 parler de nous.<\/p>\n\n\n\n<p>En 2018, dans le cadre du <a href=\"http:\/\/coll-libris-paysdelaloire.fr\/\">Coll.LIBRIS<\/a>, l&rsquo;association d&rsquo;\u00e9diteurs en Pays de la Loire, j&rsquo;ai propos\u00e9 une \u00e9tude autour des outils de gestion utilis\u00e9s par les maisons d&rsquo;\u00e9ditions ind\u00e9pendantes. De cette \u00e9tude et des rencontres qui ont suivi est n\u00e9 le projet <a href=\"https:\/\/oplibris.org\/\">Oplibris<\/a> fin 2019, projet que nous portons avec les <a href=\"https:\/\/symetrie.com\/fr\">\u00e9ditions Sym\u00e9trie<\/a>, l&rsquo;aide financi\u00e8re de la r\u00e9gion Pays de la Loire et du Coll.LIBRIS.<\/p>\n\n\n\n<p>Depuis le confinement de mars, j&rsquo;ai pu constater \u00e0 quel point les habitudes num\u00e9riques \u00e9taient en train d&rsquo;\u00e9voluer et \u00e0 vitesse acc\u00e9l\u00e9r\u00e9e.<\/p>\n\n\n\n<p><strong>L&rsquo;un des dangers du num\u00e9rique est la concentration de donn\u00e9es dans les mains d&rsquo;une minorit\u00e9. Nous le constatons chaque jour avec les outils que nous utilisons \u00e0 titre priv\u00e9.<\/strong><\/p>\n\n\n\n<p>Parall\u00e8lement \u00e0 cette concentration, des alternatives de plus en plus accessibles autour de logiciels libres se d\u00e9veloppent depuis plusieurs ann\u00e9es (un grand merci \u00e0 une association telle que <a href=\"https:\/\/framasoft.org\/fr\/\">Framasoft<\/a> de contribuer \u00e0 cela).<\/p>\n\n\n\n<h2 class=\"wp-block-heading\">L&rsquo;id\u00e9e\u2026<\/h2>\n\n\n\n<p>Mon souhait aujourd&rsquo;hui serait de mettre mon exp\u00e9rience au service d&rsquo;un projet commun \u00e0 destination de cr\u00e9ateur\u00b7rices et d&rsquo;\u00e9diteur\u00b7rices qui souhaiteraient faire un pas de c\u00f4t\u00e9 et faire ensemble le pari d&rsquo;<strong>outils informatiques libres<\/strong>, tant <strong>pour la cr\u00e9ation<\/strong> que <strong>pour la diffusion<\/strong> d&rsquo;\u0153uvres graphiques et litt\u00e9raires.<\/p>\n\n\n\n<p><strong>L&rsquo;id\u00e9e n&rsquo;est pas de passer du jour au lendemain d&rsquo;un outil \u00e0 un autre, d&rsquo;un r\u00e9seau social \u00e0 un autre, mais de rep\u00e9rer ensemble des alternatives adapt\u00e9es, d&rsquo;en faciliter l&rsquo;acc\u00e8s et l&rsquo;usage et de les promouvoir aupr\u00e8s de nos publics.<\/strong><\/p>\n\n\n\n<p>Dans mes r\u00e9centes recherches, il ne m&rsquo;a pas sembl\u00e9 rep\u00e9rer un collectif structur\u00e9 ou en cours de structuration sur ce sujet -&gt; Si tu en connais un, n&rsquo;h\u00e9site pas \u00e0 me l&rsquo;indiquer (l&rsquo;id\u00e9e n&rsquo;est pas de r\u00e9inventer la roue) !<\/p>\n\n\n\n<p><strong>Ce billet a donc pour objet de d&rsquo;identifier des personnes et structures qui souhaiteraient rejoindre cette vision, cette envie.<\/strong><\/p>\n\n\n\n<h3 class=\"wp-block-heading\">Id\u00e9alement, j&rsquo;imagine pour 2021 :<\/h3>\n\n\n\n<ul class=\"wp-block-list\"><li><strong>un noyau d&rsquo;une dizaine de personnes<\/strong> avec des comp\u00e9tences compl\u00e9mentaires : design UX, d\u00e9veloppement, sysop, cr\u00e9ation graphique, organisation, formalisation, juridique, montage de dossier financier.<\/li><li><strong>un premier site<\/strong> qui proposerait des instances <a href=\"https:\/\/joinpeertube.org\/fr_FR\/\">Peertube<\/a> et <a href=\"https:\/\/funkwhale.audio\/\">Funkwhale<\/a> autour de la cr\u00e9ation graphique et litt\u00e9raire, quelques tutoriels sur la cr\u00e9ation d&rsquo;images et de mise en page dans un environnement libre (<a href=\"https:\/\/www.gimp.org\/downloads\/\">Gimp<\/a>, <a href=\"https:\/\/krita.org\/fr\/\">Kryta<\/a>, <a href=\"https:\/\/inkscape.org\/fr\/\">Inkscape<\/a>, <a href=\"https:\/\/www.scribus.net\/\">Scribus<\/a>), un annuaire des formations existantes et, bien entendu, un acc\u00e8s \u00e0 l&rsquo;ERP Oplibris \ud83d\ude09<\/li><li><strong>un financement mixte <\/strong>compos\u00e9 d&rsquo;une part d&rsquo;abonnements mensuels entre 10 et 20 \u20ac donnant acc\u00e8s \u00e0 un support en ligne et \u00e0 des ressources compl\u00e9mentaires, et d&rsquo;autre part d&rsquo;aides publiques DRAC ou R\u00e9gions.<\/li><li><strong>une communaut\u00e9 active d&rsquo;une centaine utilisateurs et utilisatrices<\/strong> souhaitant exp\u00e9rimenter et t\u00e9moigner de leurs usages.<\/li><\/ul>\n\n\n\n<figure class=\"wp-block-pullquote\"><blockquote><p>Si l&rsquo;id\u00e9e t&rsquo;int\u00e9resse, merci d&rsquo;utiliser <a href=\"https:\/\/cloud.oplibris.com\/apps\/forms\/i4oKtq2yqP5eYff4\">le formulaire suivant<\/a> pour me faire part de tes coordonn\u00e9es, souhaits et comp\u00e9tences ou bien rejoins <a href=\"https:\/\/mobilizon.fr\/@creation_diffusion_et_outils_numeriques_libres\">ce groupe sur Mobilizon<\/a>. Je ferai un point d&rsquo;ici la fin janvier, d&rsquo;ici l\u00e0, bonne f\u00eate \u00e0 toutes et tous !<\/p><\/blockquote><\/figure>\n\n\n\n<p><strong>NOTE DU 13 F\u00c9VRIER 2021 :<\/strong><br>Suite \u00e0 cette invitation, un petit groupe d&rsquo;une dizaine de personnes s&rsquo;est constitu\u00e9. Les premiers \u00e9changes se font <a href=\"https:\/\/mobilizon.fr\/@creation_diffusion_et_outils_numeriques_libres\">via le groupe Mobilizon<\/a> qui reste ouvert aux personnes qui souhaitent nous rejoindre.<br>Je suis impressionn\u00e9 par la diversit\u00e9 et la richesse des parcours des personnes qui accompagnent ce projet. Rendez-vous dans un an pour un bilan des actions r\u00e9alis\u00e9es.<\/p>\n","protected":false},"excerpt":{"rendered":"<p>Ce billet est une invitation \u00e0 partager une r\u00e9flexion (et j&rsquo;esp\u00e8re de l&rsquo;action\u2026) sur un projet visant \u00e0 contribuer \u00e0 une plus grande utilisation d&rsquo;outils informatiques libres et ouverts dans la cr\u00e9ation et la diffusion litt\u00e9raire et graphique. Bon\u2026 dit comme \u00e7a, c&rsquo;est peut-\u00eatre pas assez sexy\u2026 Mais je fais confiance aux lecteurs et lectrices pour ne pas s&rsquo;arr\u00eater \u00e0 l&rsquo;intro \ud83d\ude42<\/p>\n","protected":false},"author":1,"featured_media":0,"comment_status":"open","ping_status":"open","sticky":false,"template":"","format":"aside","meta":{"footnotes":"","_share_on_mastodon":"1"},"categories":[12,19],"tags":[132,133,134,9,131,130],"class_list":["post-720","post","type-post","status-publish","format-aside","hentry","category-actualite","category-projets","tag-collectif","tag-creation","tag-diffusion","tag-edition","tag-outils","tag-projet","post_format-post-format-aside"],"share_on_mastodon":{"url":"https:\/\/framapiaf.org\/@adepetigny\/105638655704244282","error":""},"_links":{"self":[{"href":"http:\/\/www.petigny.com\/albert\/wp-json\/wp\/v2\/posts\/720","targetHints":{"allow":["GET"]}}],"collection":[{"href":"http:\/\/www.petigny.com\/albert\/wp-json\/wp\/v2\/posts"}],"about":[{"href":"http:\/\/www.petigny.com\/albert\/wp-json\/wp\/v2\/types\/post"}],"author":[{"embeddable":true,"href":"http:\/\/www.petigny.com\/albert\/wp-json\/wp\/v2\/users\/1"}],"replies":[{"embeddable":true,"href":"http:\/\/www.petigny.com\/albert\/wp-json\/wp\/v2\/comments?post=720"}],"version-history":[{"count":7,"href":"http:\/\/www.petigny.com\/albert\/wp-json\/wp\/v2\/posts\/720\/revisions"}],"predecessor-version":[{"id":804,"href":"http:\/\/www.petigny.com\/albert\/wp-json\/wp\/v2\/posts\/720\/revisions\/804"}],"wp:attachment":[{"href":"http:\/\/www.petigny.com\/albert\/wp-json\/wp\/v2\/media?parent=720"}],"wp:term":[{"taxonomy":"category","embeddable":true,"href":"http:\/\/www.petigny.com\/albert\/wp-json\/wp\/v2\/categories?post=720"},{"taxonomy":"post_tag","embeddable":true,"href":"http:\/\/www.petigny.com\/albert\/wp-json\/wp\/v2\/tags?post=720"}],"curies":[{"name":"wp","href":"https:\/\/api.w.org\/{rel}","templated":true}]}}