{"id":826,"date":"2021-11-15T19:36:19","date_gmt":"2021-11-15T18:36:19","guid":{"rendered":"http:\/\/www.petigny.com\/albert\/?p=826"},"modified":"2021-11-15T19:36:21","modified_gmt":"2021-11-15T18:36:21","slug":"whats-up","status":"publish","type":"post","link":"http:\/\/www.petigny.com\/albert\/whats-up\/","title":{"rendered":"What&rsquo;s up ?"},"content":{"rendered":"\n<p>Comment \u00e7a va chez vous ? \u00c7a me ferait plaisir de vous lire.<\/p>\n\n\n\n<p>Ici, c&rsquo;est \u00e0 la fois dense, complexe et passionnant.<\/p>\n\n\n\n<p><strong>Dense<\/strong> car j&rsquo;ai beaucoup de projets en cours et certains avec des \u00e9ch\u00e9ances avant la fin de l&rsquo;ann\u00e9e.<\/p>\n\n\n\n<p><strong>Complexe<\/strong> car entre les actions associatives locales, <a href=\"https:\/\/www.facebook.com\/pourpenser\/?__cft__[0]=AZVPjumVB2cYsIhqpJBS3QLrYOCAErNAS2R0MP6QeKFdPJ9x-_NMphxkF1LstB1aqaVqX9TL1zBVgSuEgZK3Ac7p5twYofd-ULIC0WS2sTt6HaN-4ur7UtuVh-IrPf8IW9LPau_rSfI9bguPqilum0h8&amp;__tn__=kK-R\">Pourpenser<\/a>, les asso pro, et ma famille il me faut jongler entre les priorit\u00e9s.<\/p>\n\n\n\n<p><strong>Passionnant<\/strong> car dans l&rsquo;ensemble ces projets sont int\u00e9ressants et porteurs d&rsquo;un futur que je trouve enviable.<\/p>\n\n\n\n<p>Apr\u00e8s\u2026 tout cela se d\u00e9roule dans ce contexte par moments pesant et anxiog\u00e8ne que nous partageons toutes et tous. Contexte qui ne facilite pas toujours les relations humaines qui sont pourtant au c\u0153ur de chacun de ces projets.<\/p>\n\n\n\n<p>Heureusement, beaucoup d&rsquo;amour, de compr\u00e9hension et de bienveillance autour de moi. \u00c7a aide !<\/p>\n","protected":false},"excerpt":{"rendered":"<p>Comment \u00e7a va chez vous ? \u00c7a me ferait plaisir de vous lire. Ici, c&rsquo;est \u00e0 la fois dense, complexe et passionnant. Dense car j&rsquo;ai beaucoup de projets en cours et certains avec des \u00e9ch\u00e9ances avant la fin de l&rsquo;ann\u00e9e. Complexe car entre les actions associatives locales, Pourpenser, les asso pro, et ma famille il [&hellip;]<\/p>\n","protected":false},"author":1,"featured_media":0,"comment_status":"open","ping_status":"open","sticky":false,"template":"","format":"aside","meta":{"footnotes":"","_share_on_mastodon":"1"},"categories":[12,2],"tags":[],"class_list":["post-826","post","type-post","status-publish","format-aside","hentry","category-actualite","category-questionnements","post_format-post-format-aside"],"share_on_mastodon":{"url":"https:\/\/framapiaf.org\/@adepetigny\/107282522554360753","error":""},"_links":{"self":[{"href":"http:\/\/www.petigny.com\/albert\/wp-json\/wp\/v2\/posts\/826","targetHints":{"allow":["GET"]}}],"collection":[{"href":"http:\/\/www.petigny.com\/albert\/wp-json\/wp\/v2\/posts"}],"about":[{"href":"http:\/\/www.petigny.com\/albert\/wp-json\/wp\/v2\/types\/post"}],"author":[{"embeddable":true,"href":"http:\/\/www.petigny.com\/albert\/wp-json\/wp\/v2\/users\/1"}],"replies":[{"embeddable":true,"href":"http:\/\/www.petigny.com\/albert\/wp-json\/wp\/v2\/comments?post=826"}],"version-history":[{"count":1,"href":"http:\/\/www.petigny.com\/albert\/wp-json\/wp\/v2\/posts\/826\/revisions"}],"predecessor-version":[{"id":827,"href":"http:\/\/www.petigny.com\/albert\/wp-json\/wp\/v2\/posts\/826\/revisions\/827"}],"wp:attachment":[{"href":"http:\/\/www.petigny.com\/albert\/wp-json\/wp\/v2\/media?parent=826"}],"wp:term":[{"taxonomy":"category","embeddable":true,"href":"http:\/\/www.petigny.com\/albert\/wp-json\/wp\/v2\/categories?post=826"},{"taxonomy":"post_tag","embeddable":true,"href":"http:\/\/www.petigny.com\/albert\/wp-json\/wp\/v2\/tags?post=826"}],"curies":[{"name":"wp","href":"https:\/\/api.w.org\/{rel}","templated":true}]}}