{"id":835,"date":"2022-01-12T18:20:18","date_gmt":"2022-01-12T17:20:18","guid":{"rendered":"http:\/\/www.petigny.com\/albert\/?p=835"},"modified":"2022-01-12T18:20:20","modified_gmt":"2022-01-12T17:20:20","slug":"javais-une-tante-damerique","status":"publish","type":"post","link":"http:\/\/www.petigny.com\/albert\/javais-une-tante-damerique\/","title":{"rendered":"J&rsquo;avais une tante d&rsquo;Am\u00e9rique\u2026"},"content":{"rendered":"\n<p>Enfant, je l&rsquo;ai rencontr\u00e9e 4 ou 5 fois lors de ses venues en France. <\/p>\n\n\n\n<p>La derni\u00e8re fois que nous nous sommes vus, c&rsquo;\u00e9tait en 1998 \u00e0 New-York, la veille de la victoire de l&rsquo;\u00e9quipe de France de football (aucun rapport, si ce n&rsquo;est que \u00e7a fixe le souvenir).<\/p>\n\n\n\n<p>Armelle est d\u00e9c\u00e9d\u00e9e aujourd&rsquo;hui, 12 janvier 2022, vers 9h30 pour elle, 15h30 pour moi.<\/p>\n\n\n\n<p>Ces derni\u00e8res ann\u00e9es j&rsquo;avais pas mal \u00e9chang\u00e9 avec elle : elle pensait rentrer en France pour sa fin de vie. <\/p>\n\n\n\n<p>Son caract\u00e8re et la situation sanitaire de ces 2 derni\u00e8res ann\u00e9es ne lui ont pas permis de mener \u00e0 bien ce projet. <\/p>\n\n\n\n<p>Apr\u00e8s mon papa le 24 janvier 2005, c&rsquo;est la 2e de sa fratrie \u00e0 nous quitter. Mes pens\u00e9es vont en priorit\u00e9 \u00e0 ses s\u0153urs Antoinette, Xavi\u00e8re et Anne-Marie.<\/p>\n\n\n\n<figure class=\"wp-block-image size-large\"><img loading=\"lazy\" decoding=\"async\" width=\"761\" height=\"743\" src=\"http:\/\/www.petigny.com\/albert\/wp-content\/uploads\/sites\/2\/2022\/01\/Albert-Armelle.jpg\" alt=\"\" class=\"wp-image-836\" srcset=\"http:\/\/www.petigny.com\/albert\/wp-content\/uploads\/sites\/2\/2022\/01\/Albert-Armelle.jpg 761w, http:\/\/www.petigny.com\/albert\/wp-content\/uploads\/sites\/2\/2022\/01\/Albert-Armelle-400x391.jpg 400w\" sizes=\"auto, (max-width: 761px) 100vw, 761px\" \/><\/figure>\n","protected":false},"excerpt":{"rendered":"<p>Enfant, je l&rsquo;ai rencontr\u00e9e 4 ou 5 fois lors de ses venues en France. La derni\u00e8re fois que nous nous sommes vus, c&rsquo;\u00e9tait en 1998 \u00e0 New-York, la veille de la victoire de l&rsquo;\u00e9quipe de France de football (aucun rapport, si ce n&rsquo;est que \u00e7a fixe le souvenir). Armelle est d\u00e9c\u00e9d\u00e9e aujourd&rsquo;hui, 12 janvier 2022, [&hellip;]<\/p>\n","protected":false},"author":1,"featured_media":0,"comment_status":"open","ping_status":"open","sticky":false,"template":"","format":"aside","meta":{"footnotes":"","_share_on_mastodon":"1"},"categories":[23],"tags":[],"class_list":["post-835","post","type-post","status-publish","format-aside","hentry","category-souvenir","post_format-post-format-aside"],"share_on_mastodon":{"url":"https:\/\/framapiaf.org\/@adepetigny\/107610637698180633","error":""},"_links":{"self":[{"href":"http:\/\/www.petigny.com\/albert\/wp-json\/wp\/v2\/posts\/835","targetHints":{"allow":["GET"]}}],"collection":[{"href":"http:\/\/www.petigny.com\/albert\/wp-json\/wp\/v2\/posts"}],"about":[{"href":"http:\/\/www.petigny.com\/albert\/wp-json\/wp\/v2\/types\/post"}],"author":[{"embeddable":true,"href":"http:\/\/www.petigny.com\/albert\/wp-json\/wp\/v2\/users\/1"}],"replies":[{"embeddable":true,"href":"http:\/\/www.petigny.com\/albert\/wp-json\/wp\/v2\/comments?post=835"}],"version-history":[{"count":1,"href":"http:\/\/www.petigny.com\/albert\/wp-json\/wp\/v2\/posts\/835\/revisions"}],"predecessor-version":[{"id":837,"href":"http:\/\/www.petigny.com\/albert\/wp-json\/wp\/v2\/posts\/835\/revisions\/837"}],"wp:attachment":[{"href":"http:\/\/www.petigny.com\/albert\/wp-json\/wp\/v2\/media?parent=835"}],"wp:term":[{"taxonomy":"category","embeddable":true,"href":"http:\/\/www.petigny.com\/albert\/wp-json\/wp\/v2\/categories?post=835"},{"taxonomy":"post_tag","embeddable":true,"href":"http:\/\/www.petigny.com\/albert\/wp-json\/wp\/v2\/tags?post=835"}],"curies":[{"name":"wp","href":"https:\/\/api.w.org\/{rel}","templated":true}]}}