{"id":691,"date":"2020-04-19T19:16:20","date_gmt":"2020-04-19T17:16:20","guid":{"rendered":"http:\/\/www.petigny.com\/albert\/?p=691"},"modified":"2020-04-19T19:23:30","modified_gmt":"2020-04-19T17:23:30","slug":"covid-a-covie","status":"publish","type":"post","link":"https:\/\/www.petigny.com\/albert\/covid-a-covie\/","title":{"rendered":"Passer de Covid \u00e0 co-vie, de la vie confin\u00e9e \u00e0 la vie qu&rsquo;on fait na\u00eetre."},"content":{"rendered":"<div data-offset-key=\"65q7d-0-0\"><img loading=\"lazy\" decoding=\"async\" class=\"aligncenter size-full wp-image-695\" src=\"http:\/\/www.petigny.com\/albert\/wp-content\/uploads\/sites\/2\/2020\/04\/icipousseunarbre.jpg\" alt=\"\" width=\"1800\" height=\"922\" srcset=\"https:\/\/www.petigny.com\/albert\/wp-content\/uploads\/sites\/2\/2020\/04\/icipousseunarbre.jpg 1800w, https:\/\/www.petigny.com\/albert\/wp-content\/uploads\/sites\/2\/2020\/04\/icipousseunarbre-400x205.jpg 400w, https:\/\/www.petigny.com\/albert\/wp-content\/uploads\/sites\/2\/2020\/04\/icipousseunarbre-768x393.jpg 768w, https:\/\/www.petigny.com\/albert\/wp-content\/uploads\/sites\/2\/2020\/04\/icipousseunarbre-1024x525.jpg 1024w, https:\/\/www.petigny.com\/albert\/wp-content\/uploads\/sites\/2\/2020\/04\/icipousseunarbre-1200x615.jpg 1200w\" sizes=\"auto, (max-width: 1800px) 100vw, 1800px\" \/><\/div>\n<div data-contents=\"true\">\n<div class=\"\" data-block=\"true\" data-editor=\"6ajum\" data-offset-key=\"7f6pf-0-0\">\n<div data-offset-key=\"65q7d-0-0\"><\/div>\n<div data-offset-key=\"65q7d-0-0\"><\/div>\n<div class=\"_1mf _1mj\" data-offset-key=\"65q7d-0-0\"><span data-offset-key=\"65q7d-0-0\">Beaucoup d&rsquo;\u00e9changes avec mes ami\u00b7e\u00b7s et au del\u00e0 sur les fondements de cette crise sanitaire et ses r\u00e9percutions.<\/span><\/div>\n<div data-offset-key=\"65q7d-0-0\"><\/div>\n<div class=\"_1mf _1mj\" data-offset-key=\"65q7d-0-0\"><span data-offset-key=\"65q7d-0-0\">En cette p\u00e9riode de confinement les d\u00e9bats sont nombreux ici et l\u00e0. Seront-ils f\u00e9conds ?<\/span><\/div>\n<\/div>\n<div class=\"\" data-block=\"true\" data-editor=\"6ajum\" data-offset-key=\"4l6cb-0-0\">\n<div data-offset-key=\"4l6cb-0-0\"><\/div>\n<div class=\"_1mf _1mj\" data-offset-key=\"4l6cb-0-0\"><span data-offset-key=\"4l6cb-0-0\">De nombreuses certitudes sont \u00e9branl\u00e9es, et l&rsquo;humain est g\u00e9n\u00e9ralement mal \u00e0 l&rsquo;aise avec l&rsquo;inconnu. <\/span><\/div>\n<\/div>\n<div class=\"\" data-block=\"true\" data-editor=\"6ajum\" data-offset-key=\"9vcd8-0-0\">\n<div data-offset-key=\"9vcd8-0-0\"><\/div>\n<div class=\"_1mf _1mj\" data-offset-key=\"9vcd8-0-0\"><span data-offset-key=\"9vcd8-0-0\">Simplifier pour \u00e9viter l&rsquo;angoisse existentielle, opter pour de nouvelles croyances, de nouveau mythes, se rattacher \u00e0 l&rsquo;image du chef\u2026 <\/span><\/div>\n<div data-offset-key=\"9vcd8-0-0\"><\/div>\n<div class=\"_1mf _1mj\" data-offset-key=\"9vcd8-0-0\"><span data-offset-key=\"9vcd8-0-0\">M\u00eame si je suis de nature plut\u00f4t optimiste, que j&rsquo;aime l&rsquo;humain pour sa cr\u00e9ativit\u00e9 et sa capacit\u00e9 d&rsquo;adaptation, j&rsquo;ai bien peur que nous ne soyons pas sortis de l&rsquo;auberge avant un petit moment.<\/span><\/div>\n<\/div>\n<div class=\"\" data-block=\"true\" data-editor=\"6ajum\" data-offset-key=\"1vjt7-0-0\">\n<div data-offset-key=\"1vjt7-0-0\"><\/div>\n<div class=\"_1mf _1mj\" data-offset-key=\"1vjt7-0-0\"><span data-offset-key=\"1vjt7-0-0\">Penser que cette crise est l&rsquo;\u00e9chec \u00ab\u00a0du mod\u00e8le actuel\u00a0\u00bb c&rsquo;est une facilit\u00e9 qui risque tout simplement de ne pas bien d\u00e9finir ce que l&rsquo;on nomme \u00ab\u00a0le mod\u00e8le actuel\u00a0\u00bb. Devant un tel chaos, il me semble \u00e9vident que chacun essaie d&rsquo;y voir ce qui lui parle et comment faire de tout ceci un ensemble d&rsquo;opportunit\u00e9s.<\/span><\/div>\n<\/div>\n<div class=\"\" data-block=\"true\" data-editor=\"6ajum\" data-offset-key=\"dnam0-0-0\">\n<div data-offset-key=\"dnam0-0-0\"><\/div>\n<div class=\"_1mf _1mj\" data-offset-key=\"dnam0-0-0\"><span data-offset-key=\"dnam0-0-0\">Je pense qu&rsquo;il nous faut donc prendre le temps de bien ressentir ce que nous vivons aujourd&rsquo;hui et de l\u00e0, imaginer, visualiser puis tracer ce que l&rsquo;on souhaite pour demain. Je n&rsquo;ai aucun doute que beaucoup ont d\u00e9j\u00e0 \u00ab\u00a0des plans pour l&rsquo;apr\u00e8s\u00a0\u00bb (et le fait d&rsquo;injecter des milliards dans le syst\u00e8me a bien pour but de faire que \u00e7a \u00ab\u00a0puisse continuer\u00a0\u00bb).<\/span><\/div>\n<\/div>\n<div class=\"\" data-block=\"true\" data-editor=\"6ajum\" data-offset-key=\"ecb6l-0-0\">\n<div data-offset-key=\"ecb6l-0-0\"><\/div>\n<div class=\"_1mf _1mj\" data-offset-key=\"ecb6l-0-0\"><span data-offset-key=\"ecb6l-0-0\">Le plus compliqu\u00e9 \u00e0 mes yeux est d&rsquo;\u00eatre honn\u00eate avec les d\u00e9pendances que nous avons. De choisir les inter-d\u00e9pendances que nous souhaitons et d&rsquo;en mesurer les enjeux.<\/span><\/div>\n<div data-offset-key=\"ecb6l-0-0\"><\/div>\n<div data-offset-key=\"ecb6l-0-0\">Cette p\u00e9riode a un c\u00f4t\u00e9 vertigineux : ce que nous vivons l\u00e0 n&rsquo;a jamais \u00e9t\u00e9 v\u00e9cu \u00e0 cette \u00e9chelle. Les pr\u00e9visions, les mod\u00e9lisations auxquelles nous pourrions nous rattacher sont tr\u00e8s instables. Je n&rsquo;aimerais pas \u00eatre \u00e0 un poste de d\u00e9cision actuellement.<\/div>\n<div data-offset-key=\"ecb6l-0-0\"><\/div>\n<div data-offset-key=\"ecb6l-0-0\">Intuitivement, j&rsquo;ai plut\u00f4t tendance \u00e0 penser que nous avons int\u00e9r\u00eat \u00e0 penser \u00e0 l&rsquo;\u00e9chelle locale et imaginer les interconnexions possibles. Il me semble plus que jamais int\u00e9ressant de regarder les mod\u00e8les permaculturels, de penser symbiose, synergies et coop\u00e9ration, mais je ne doute pas que certains pr\u00e9f\u00e8rent imaginer des solutions autour d&rsquo;une vision, d&rsquo;un chef.<\/div>\n<div data-offset-key=\"ecb6l-0-0\">\n<p>Je suis curieux de voir ce que nous ferons des mois et ann\u00e9es \u00e0 venir.<\/p>\n<\/div>\n<\/div>\n<\/div>\n","protected":false},"excerpt":{"rendered":"<p>Beaucoup d&rsquo;\u00e9changes avec mes ami\u00b7e\u00b7s et au del\u00e0 sur les fondements de cette crise sanitaire et ses r\u00e9percutions. En cette p\u00e9riode de confinement les d\u00e9bats sont nombreux ici et l\u00e0. Seront-ils f\u00e9conds ? De nombreuses certitudes sont \u00e9branl\u00e9es, et l&rsquo;humain est g\u00e9n\u00e9ralement mal \u00e0 l&rsquo;aise avec l&rsquo;inconnu. Simplifier pour \u00e9viter l&rsquo;angoisse existentielle, opter pour de [&hellip;]<\/p>\n","protected":false},"author":1,"featured_media":0,"comment_status":"open","ping_status":"open","sticky":false,"template":"","format":"standard","meta":{"footnotes":"","_share_on_mastodon":"0"},"categories":[12,2],"tags":[],"class_list":["post-691","post","type-post","status-publish","format-standard","hentry","category-actualite","category-questionnements"],"share_on_mastodon":{"url":"","error":""},"_links":{"self":[{"href":"https:\/\/www.petigny.com\/albert\/wp-json\/wp\/v2\/posts\/691","targetHints":{"allow":["GET"]}}],"collection":[{"href":"https:\/\/www.petigny.com\/albert\/wp-json\/wp\/v2\/posts"}],"about":[{"href":"https:\/\/www.petigny.com\/albert\/wp-json\/wp\/v2\/types\/post"}],"author":[{"embeddable":true,"href":"https:\/\/www.petigny.com\/albert\/wp-json\/wp\/v2\/users\/1"}],"replies":[{"embeddable":true,"href":"https:\/\/www.petigny.com\/albert\/wp-json\/wp\/v2\/comments?post=691"}],"version-history":[{"count":5,"href":"https:\/\/www.petigny.com\/albert\/wp-json\/wp\/v2\/posts\/691\/revisions"}],"predecessor-version":[{"id":697,"href":"https:\/\/www.petigny.com\/albert\/wp-json\/wp\/v2\/posts\/691\/revisions\/697"}],"wp:attachment":[{"href":"https:\/\/www.petigny.com\/albert\/wp-json\/wp\/v2\/media?parent=691"}],"wp:term":[{"taxonomy":"category","embeddable":true,"href":"https:\/\/www.petigny.com\/albert\/wp-json\/wp\/v2\/categories?post=691"},{"taxonomy":"post_tag","embeddable":true,"href":"https:\/\/www.petigny.com\/albert\/wp-json\/wp\/v2\/tags?post=691"}],"curies":[{"name":"wp","href":"https:\/\/api.w.org\/{rel}","templated":true}]}}