{"id":883,"date":"2023-08-09T11:38:55","date_gmt":"2023-08-09T09:38:55","guid":{"rendered":"http:\/\/www.petigny.com\/albert\/?p=883"},"modified":"2023-08-09T16:58:13","modified_gmt":"2023-08-09T14:58:13","slug":"ancenis-saint-gereon-ville-etape-pour-la-mobilite-douce-engagee","status":"publish","type":"post","link":"https:\/\/www.petigny.com\/albert\/ancenis-saint-gereon-ville-etape-pour-la-mobilite-douce-engagee\/","title":{"rendered":"Ancenis-Saint-G\u00e9r\u00e9on, ville \u00e9tape pour la mobilit\u00e9 douce engag\u00e9e !"},"content":{"rendered":"\n<figure class=\"wp-block-image size-large\"><img loading=\"lazy\" decoding=\"async\" width=\"1024\" height=\"627\" src=\"http:\/\/www.petigny.com\/albert\/wp-content\/uploads\/sites\/2\/2023\/08\/velocar-diagonaleduplein-ancenis-1-1024x627.jpeg\" alt=\"\" class=\"wp-image-892\" srcset=\"https:\/\/www.petigny.com\/albert\/wp-content\/uploads\/sites\/2\/2023\/08\/velocar-diagonaleduplein-ancenis-1-1024x627.jpeg 1024w, https:\/\/www.petigny.com\/albert\/wp-content\/uploads\/sites\/2\/2023\/08\/velocar-diagonaleduplein-ancenis-1-400x245.jpeg 400w, https:\/\/www.petigny.com\/albert\/wp-content\/uploads\/sites\/2\/2023\/08\/velocar-diagonaleduplein-ancenis-1-768x470.jpeg 768w, https:\/\/www.petigny.com\/albert\/wp-content\/uploads\/sites\/2\/2023\/08\/velocar-diagonaleduplein-ancenis-1-1536x940.jpeg 1536w, https:\/\/www.petigny.com\/albert\/wp-content\/uploads\/sites\/2\/2023\/08\/velocar-diagonaleduplein-ancenis-1-1200x734.jpeg 1200w, https:\/\/www.petigny.com\/albert\/wp-content\/uploads\/sites\/2\/2023\/08\/velocar-diagonaleduplein-ancenis-1.jpeg 2048w\" sizes=\"auto, (max-width: 1024px) 100vw, 1024px\" \/><\/figure>\n\n\n\n<h4 class=\"wp-block-heading\">2021 : un trike, <br>2022 : un char \u00e0 voile, <br>2023 : un v\u00e9locar.<br>Que nous r\u00e9serve 2024 ? <\/h4>\n\n\n\n<div class=\"wp-block-columns is-layout-flex wp-container-core-columns-is-layout-9d6595d7 wp-block-columns-is-layout-flex\">\n<div class=\"wp-block-column is-layout-flow wp-block-column-is-layout-flow\">\n<figure class=\"wp-block-image size-large\"><a href=\"https:\/\/www.ouest-france.fr\/pays-de-la-loire\/ancenis-saint-gereon-44150\/ancenis-saint-gereon-les-editions-pourpenser-en-roue-libre-a-plume-et-fabulettes-8e2d9b66-d511-11eb-8ba8-8a08e843d49f\"><img loading=\"lazy\" decoding=\"async\" width=\"730\" height=\"787\" src=\"http:\/\/www.petigny.com\/albert\/wp-content\/uploads\/sites\/2\/2023\/08\/trike-pourpenser.jpg\" alt=\"\" class=\"wp-image-884\" srcset=\"https:\/\/www.petigny.com\/albert\/wp-content\/uploads\/sites\/2\/2023\/08\/trike-pourpenser.jpg 730w, https:\/\/www.petigny.com\/albert\/wp-content\/uploads\/sites\/2\/2023\/08\/trike-pourpenser-371x400.jpg 371w\" sizes=\"auto, (max-width: 730px) 100vw, 730px\" \/><\/a><\/figure>\n<\/div>\n\n\n\n<div class=\"wp-block-column is-layout-flow wp-block-column-is-layout-flow\">\n<figure class=\"wp-block-image size-large\"><a href=\"https:\/\/www.actu44.fr\/le-pari-fou-de-capitaine-remi-en-char-a-voile\/\"><img loading=\"lazy\" decoding=\"async\" width=\"730\" height=\"702\" src=\"http:\/\/www.petigny.com\/albert\/wp-content\/uploads\/sites\/2\/2023\/08\/charavoile-capitaine-remi.jpg\" alt=\"\" class=\"wp-image-885\" srcset=\"https:\/\/www.petigny.com\/albert\/wp-content\/uploads\/sites\/2\/2023\/08\/charavoile-capitaine-remi.jpg 730w, https:\/\/www.petigny.com\/albert\/wp-content\/uploads\/sites\/2\/2023\/08\/charavoile-capitaine-remi-400x385.jpg 400w\" sizes=\"auto, (max-width: 730px) 100vw, 730px\" \/><\/a><\/figure>\n<\/div>\n\n\n\n<div class=\"wp-block-column is-layout-flow wp-block-column-is-layout-flow\">\n<figure class=\"wp-block-image size-large\"><a href=\"https:\/\/www.ouest-france.fr\/environnement\/ecologie\/transition-ecologique\/ancenis-saint-gereon-en-velocar-il-fait-le-plein-dinitiatives-ecologiques-locales-70a01a2e-287a-11ee-a81c-ff93a39e11d0\"><img loading=\"lazy\" decoding=\"async\" width=\"732\" height=\"763\" src=\"http:\/\/www.petigny.com\/albert\/wp-content\/uploads\/sites\/2\/2023\/08\/velocar-diagonaleduplein.jpg\" alt=\"\" class=\"wp-image-886\" srcset=\"https:\/\/www.petigny.com\/albert\/wp-content\/uploads\/sites\/2\/2023\/08\/velocar-diagonaleduplein.jpg 732w, https:\/\/www.petigny.com\/albert\/wp-content\/uploads\/sites\/2\/2023\/08\/velocar-diagonaleduplein-384x400.jpg 384w\" sizes=\"auto, (max-width: 732px) 100vw, 732px\" \/><\/a><\/figure>\n<\/div>\n<\/div>\n\n\n\n<p><strong>En juin 2021<\/strong>, <a href=\"http:\/\/dominique.demaegdt.fr\">Dominique Demaegdt<\/a> fait \u00e9tape \u00e0 Ancenis-Saint-G\u00e9r\u00e9on lors de son p\u00e9riple Roscoff\/Angers. <br><strong>L&rsquo;objet du voyage<\/strong> : \u00e9changer avec petits et grands sur des questions philosophiques en partant de livres du catalogue des \u00e9ditions <a href=\"https:\/\/www.pourpenser.fr\">Pourpenser<\/a>. <br>Les \u00e9tapes et les rencontres se retrouvent facilement en suivant <a href=\"https:\/\/mamot.fr\/tags\/leprojetfou\">le tag #leprojetfou sur la f\u00e9divers<\/a>.<\/p>\n\n\n\n<figure class=\"wp-block-image size-large\"><img loading=\"lazy\" decoding=\"async\" width=\"1024\" height=\"701\" src=\"http:\/\/www.petigny.com\/albert\/wp-content\/uploads\/sites\/2\/2023\/08\/trike-dominique-demaegdt-ancenis-1024x701.jpg\" alt=\"\" class=\"wp-image-890\" srcset=\"https:\/\/www.petigny.com\/albert\/wp-content\/uploads\/sites\/2\/2023\/08\/trike-dominique-demaegdt-ancenis-1024x701.jpg 1024w, https:\/\/www.petigny.com\/albert\/wp-content\/uploads\/sites\/2\/2023\/08\/trike-dominique-demaegdt-ancenis-400x274.jpg 400w, https:\/\/www.petigny.com\/albert\/wp-content\/uploads\/sites\/2\/2023\/08\/trike-dominique-demaegdt-ancenis-768x526.jpg 768w, https:\/\/www.petigny.com\/albert\/wp-content\/uploads\/sites\/2\/2023\/08\/trike-dominique-demaegdt-ancenis.jpg 1168w\" sizes=\"auto, (max-width: 1024px) 100vw, 1024px\" \/><figcaption>Dominique Demaegdt, son trike et sa remorque devant les enfants de l&rsquo;\u00e9cole Camus<\/figcaption><\/figure>\n\n\n\n<p><strong>En septembre 2022<\/strong>, <a href=\"https:\/\/capitaineremi.com\">R\u00e9mi Le Calvez, alias Capitaine R\u00e9mi<\/a>, se pose le temps d&rsquo;une nuit \u00e0 Ancenis-Saint-G\u00e9r\u00e9on avec son char \u00e0 voile.<br><strong>L&rsquo;objet du voyage<\/strong> : montrer qu&rsquo;il est possible de rallier Paris \u00e0 Nantes en char \u00e0 voile plut\u00f4t qu&rsquo;en avion. Un tacle aux propos d\u00e9plac\u00e9s de <a href=\"https:\/\/www.francebleu.fr\/sports\/football\/psg-galtier-cree-le-malaise-au-sein-du-club-en-ironisant-apres-les-critiques-sur-un-paris-nantes-en-1662404628\">Christophe Galtier et Mbapp\u00e9<\/a> et surtout une mani\u00e8re pertinente et joyeuse de parler de l&rsquo;impact du CO2 sur le climat.<\/p>\n\n\n\n<figure class=\"wp-block-image size-large\"><img loading=\"lazy\" decoding=\"async\" width=\"1024\" height=\"693\" src=\"http:\/\/www.petigny.com\/albert\/wp-content\/uploads\/sites\/2\/2023\/08\/charavoile-capitaine-remi-ancenis-1024x693.jpeg\" alt=\"\" class=\"wp-image-889\" srcset=\"https:\/\/www.petigny.com\/albert\/wp-content\/uploads\/sites\/2\/2023\/08\/charavoile-capitaine-remi-ancenis-1024x693.jpeg 1024w, https:\/\/www.petigny.com\/albert\/wp-content\/uploads\/sites\/2\/2023\/08\/charavoile-capitaine-remi-ancenis-400x271.jpeg 400w, https:\/\/www.petigny.com\/albert\/wp-content\/uploads\/sites\/2\/2023\/08\/charavoile-capitaine-remi-ancenis-768x520.jpeg 768w, https:\/\/www.petigny.com\/albert\/wp-content\/uploads\/sites\/2\/2023\/08\/charavoile-capitaine-remi-ancenis.jpeg 1143w\" sizes=\"auto, (max-width: 1024px) 100vw, 1024px\" \/><figcaption>Capitaine Remi et son char \u00e0 voile, de bon matin dans la cour du ch\u00e2teau.<\/figcaption><\/figure>\n\n\n\n<p><strong>En juillet 2023<\/strong>, <a href=\"https:\/\/www.renaissanceecologique.fr\/auteur\">Julien Dossier<\/a> inscrit Ancenis-Saint-G\u00e9r\u00e9on sur sa <a href=\"https:\/\/www.diagonaleduplein.fr\">diagonale du plein<\/a>, reliant Concarneau \u00e0 Arles.<br><strong>L&rsquo;objet du voyage<\/strong> : mettre en lumi\u00e8re et cr\u00e9er du lien autour des nombreuses initiatives low-tech qui existent d\u00e9j\u00e0 et ne demandent qu&rsquo;\u00e0 se d\u00e9ployer.<\/p>\n\n\n\n<figure class=\"wp-block-image size-large\"><img loading=\"lazy\" decoding=\"async\" width=\"1024\" height=\"627\" src=\"http:\/\/www.petigny.com\/albert\/wp-content\/uploads\/sites\/2\/2023\/08\/velocar-diagonaleduplein-ancenis-1024x627.jpeg\" alt=\"\" class=\"wp-image-888\" srcset=\"https:\/\/www.petigny.com\/albert\/wp-content\/uploads\/sites\/2\/2023\/08\/velocar-diagonaleduplein-ancenis-1024x627.jpeg 1024w, https:\/\/www.petigny.com\/albert\/wp-content\/uploads\/sites\/2\/2023\/08\/velocar-diagonaleduplein-ancenis-400x245.jpeg 400w, https:\/\/www.petigny.com\/albert\/wp-content\/uploads\/sites\/2\/2023\/08\/velocar-diagonaleduplein-ancenis-768x470.jpeg 768w, https:\/\/www.petigny.com\/albert\/wp-content\/uploads\/sites\/2\/2023\/08\/velocar-diagonaleduplein-ancenis-1536x940.jpeg 1536w, https:\/\/www.petigny.com\/albert\/wp-content\/uploads\/sites\/2\/2023\/08\/velocar-diagonaleduplein-ancenis-1200x734.jpeg 1200w, https:\/\/www.petigny.com\/albert\/wp-content\/uploads\/sites\/2\/2023\/08\/velocar-diagonaleduplein-ancenis.jpeg 2048w\" sizes=\"auto, (max-width: 1024px) 100vw, 1024px\" \/><figcaption>Le velocar de Julien Dossier et sa remorque devant les halles d&rsquo;Ancenis-Saint-G\u00e9r\u00e9on.<\/figcaption><\/figure>\n\n\n\n<h3 class=\"wp-block-heading\">Une dynamique semble se mettre en route \ud83d\ude42<br>Quel \u00e9trange v\u00e9hicule engag\u00e9 passera par Ancenis-Saint-G\u00e9r\u00e9on en 2024 ?<\/h3>\n","protected":false},"excerpt":{"rendered":"<p>2021 : un trike, 2022 : un char \u00e0 voile, 2023 : un v\u00e9locar.Que nous r\u00e9serve 2024 ? En juin 2021, Dominique Demaegdt fait \u00e9tape \u00e0 Ancenis-Saint-G\u00e9r\u00e9on lors de son p\u00e9riple Roscoff\/Angers. L&rsquo;objet du voyage : \u00e9changer avec petits et grands sur des questions philosophiques en partant de livres du catalogue des \u00e9ditions Pourpenser. Les [&hellip;]<\/p>\n","protected":false},"author":1,"featured_media":892,"comment_status":"open","ping_status":"open","sticky":false,"template":"","format":"aside","meta":{"footnotes":"","_share_on_mastodon":"1"},"categories":[12,24,44],"tags":[],"class_list":["post-883","post","type-post","status-publish","format-aside","has-post-thumbnail","hentry","category-actualite","category-initiative-locale","category-vu-sur-la-toile","post_format-post-format-aside"],"share_on_mastodon":{"url":"https:\/\/framapiaf.org\/@adepetigny\/110858990094891071","error":""},"_links":{"self":[{"href":"https:\/\/www.petigny.com\/albert\/wp-json\/wp\/v2\/posts\/883","targetHints":{"allow":["GET"]}}],"collection":[{"href":"https:\/\/www.petigny.com\/albert\/wp-json\/wp\/v2\/posts"}],"about":[{"href":"https:\/\/www.petigny.com\/albert\/wp-json\/wp\/v2\/types\/post"}],"author":[{"embeddable":true,"href":"https:\/\/www.petigny.com\/albert\/wp-json\/wp\/v2\/users\/1"}],"replies":[{"embeddable":true,"href":"https:\/\/www.petigny.com\/albert\/wp-json\/wp\/v2\/comments?post=883"}],"version-history":[{"count":5,"href":"https:\/\/www.petigny.com\/albert\/wp-json\/wp\/v2\/posts\/883\/revisions"}],"predecessor-version":[{"id":897,"href":"https:\/\/www.petigny.com\/albert\/wp-json\/wp\/v2\/posts\/883\/revisions\/897"}],"wp:featuredmedia":[{"embeddable":true,"href":"https:\/\/www.petigny.com\/albert\/wp-json\/wp\/v2\/media\/892"}],"wp:attachment":[{"href":"https:\/\/www.petigny.com\/albert\/wp-json\/wp\/v2\/media?parent=883"}],"wp:term":[{"taxonomy":"category","embeddable":true,"href":"https:\/\/www.petigny.com\/albert\/wp-json\/wp\/v2\/categories?post=883"},{"taxonomy":"post_tag","embeddable":true,"href":"https:\/\/www.petigny.com\/albert\/wp-json\/wp\/v2\/tags?post=883"}],"curies":[{"name":"wp","href":"https:\/\/api.w.org\/{rel}","templated":true}]}}