{"id":902,"date":"2023-10-14T10:49:33","date_gmt":"2023-10-14T08:49:33","guid":{"rendered":"http:\/\/www.petigny.com\/albert\/?p=902"},"modified":"2023-10-31T17:05:13","modified_gmt":"2023-10-31T16:05:13","slug":"ces-projets-qui-nous-appellent","status":"publish","type":"post","link":"https:\/\/www.petigny.com\/albert\/ces-projets-qui-nous-appellent\/","title":{"rendered":"Ces projets qui nous appellent\u2026"},"content":{"rendered":"\n<p>Je ne sais pas pour vous, mais moi, les projets avec d&rsquo;autres personnes rythment ma vie depuis un bon nombre d&rsquo;ann\u00e9es.<\/p>\n\n\n\n<p>Il y avait certainement une graine quelque part dans l&rsquo;enfance et tout cela a commenc\u00e9 \u00e0 germer vers 12\/13 ans lorsque je me suis retrouv\u00e9 embarqu\u00e9 dans l&rsquo;aventure du scoutisme.<\/p>\n\n\n\n<p>Les piliers du scoutisme tel que je l&rsquo;ai v\u00e9cu sont :<\/p>\n\n\n\n<ul class=\"wp-block-list\"><li>le lien avec le vivant,<\/li><li>les projets en \u00e9quipe,<\/li><li>la qu\u00eate du sens,<\/li><li>et le fait de se sentir grandir avec tout \u00e7a.<\/li><\/ul>\n\n\n\n<p>Ces piliers, j&rsquo;ai continu\u00e9 \u00e0 les vivre avec l&rsquo;aventure des <a href=\"https:\/\/www.pourpenser.fr\">\u00e9ditions Pourpenser<\/a> et aujourd&rsquo;hui je sens que je peux leur donner un nouvel \u00e9lan avec le projet <a href=\"https:\/\/humosapiens.fr\">Humo Sapiens<\/a>.<\/p>\n\n\n\n<h2 class=\"wp-block-heading\">Humo Sapiens, kesako ?<\/h2>\n\n\n\n<p>A l&rsquo;origine d&rsquo;<a href=\"https:\/\/humosapiens.fr\">Humo Sapiens<\/a> il y a une \u00e9quipe fondatrice compos\u00e9e de Pierre Berneur, Fabien Puzenat, Sandra Rolland, Serge Bardy, Agathe Bergel, G\u00e9rard Feldzer, Sara Natal et Gautier Ravaud.<\/p>\n\n\n\n<p>Des personnes qui se sont r\u00e9unies en association en 2021 pour porter haut et fort le projet d&rsquo;une mort r\u00e9g\u00e9n\u00e9rative, une mort qui retourne \u00e0 la vie.<\/p>\n\n\n\n<p>Depuis des millions d&rsquo;ann\u00e9es, la mort permet la r\u00e9g\u00e9n\u00e9ration et le d\u00e9veloppement de la vie sur Terre gr\u00e2ce au processus d&rsquo;humification (transformation des mati\u00e8res organiques en humus).<\/p>\n\n\n\n<p><strong>L&rsquo;\u00e9quipe d&rsquo;Humo Sapiens partage la conviction que proposer des modes de s\u00e9pultures r\u00e9g\u00e9n\u00e9ratifs permet de r\u00e9inscrire l\u2019humain dans le cycle du vivant, de contribuer \u00e0 r\u00e9g\u00e9n\u00e9rer la vie sur Terre et de donner du sens \u00e0 notre mort.<\/strong><\/p>\n\n\n\n<figure class=\"wp-block-image size-large\"><a href=\"https:\/\/humosapiens.fr\"><img loading=\"lazy\" decoding=\"async\" width=\"774\" height=\"313\" src=\"http:\/\/www.petigny.com\/albert\/wp-content\/uploads\/sites\/2\/2023\/10\/banniere-humosapiens3.png\" alt=\"\" class=\"wp-image-904\" srcset=\"https:\/\/www.petigny.com\/albert\/wp-content\/uploads\/sites\/2\/2023\/10\/banniere-humosapiens3.png 774w, https:\/\/www.petigny.com\/albert\/wp-content\/uploads\/sites\/2\/2023\/10\/banniere-humosapiens3-400x162.png 400w, https:\/\/www.petigny.com\/albert\/wp-content\/uploads\/sites\/2\/2023\/10\/banniere-humosapiens3-768x311.png 768w\" sizes=\"auto, (max-width: 774px) 100vw, 774px\" \/><\/a><\/figure>\n\n\n\n<p>Ce projet s&rsquo;inspire de ce qui a \u00e9t\u00e9 initi\u00e9 depuis plusieurs ann\u00e9es notamment en Belgique par <a href=\"https:\/\/metamorphoseproject.wordpress.com\">Metamorphose<\/a>, aux USA avec <a href=\"https:\/\/recompose.life\">Recompose<\/a>, ou en Allemagne dans le land de Schleswig Holstein avec <a href=\"https:\/\/www.meine-erde.de\/\">Meine Erdre<\/a>.<\/p>\n\n\n\n<p>Aujourd&rsquo;hui, il est possible d&rsquo;opter pour la terramation dans quelques \u00e9tats des USA et un land en Allemagne.<\/p>\n\n\n\n<p><strong>En France, il n&rsquo;existe pour le moment que 2 possibilit\u00e9s pour les s\u00e9pultures : l&rsquo;inhumation et la cr\u00e9mation. L&rsquo;objectif d&rsquo;Humo Sapiens est donc de rendre possible l&rsquo;ouverture d&rsquo;un 3e droit en France : celui de la terramation.<\/strong><\/p>\n\n\n\n<h4 class=\"wp-block-heading\"><strong>Plusieurs choses me font vibrer dans ce projet :<\/strong><\/h4>\n\n\n\n<ul class=\"wp-block-list\"><li>l&rsquo;\u00e9quipe riche et plurielle,<\/li><li>l&rsquo;approche non dogmatique : \u00e0 la fois technique et sensible,<\/li><li>le projet en lui-m\u00eame qui, au del\u00e0 de rendre possible des s\u00e9pultures \u00e0 impact environnemental positif, questionne profond\u00e9ment notre lien avec le reste du vivant, et par voie de cons\u00e9quence, notre mod\u00e8le de soci\u00e9t\u00e9.<\/li><\/ul>\n\n\n\n<h2 class=\"wp-block-heading\">Je me suis donc engag\u00e9 !<\/h2>\n\n\n\n<p>Actuellement \u00e0 titre b\u00e9n\u00e9vole (l&rsquo;association est toute jeune et dispose \u00e0 ce jour de moyens modestes), je me suis engag\u00e9 \u00e0 participer au plaidoyer et mettre en place les actions qui permettront \u00e0 l&rsquo;association Humo Sapiens de <strong>r\u00e9unir un nombre suffisant de citoyens et citoyennes afin de rendre visible ce souhait d&rsquo;un troisi\u00e8me choix en France<\/strong> pour nos s\u00e9pultures.   <\/p>\n\n\n\n<p><strong>Pour en savoir plus, je ne peux que vous inviter \u00e0 visiter le site d&rsquo;Humo Sapiens et \u00e0 <a href=\"https:\/\/humosapiens.fr\/adherer\/#iframe_assoconnect\">rejoindre l&rsquo;association<\/a> si tout cela vous parle.<\/strong><\/p>\n\n\n\n<p>Voir \u00e9galement la <a href=\"https:\/\/humosapiens.fr\/wp-content\/uploads\/2022\/07\/Humo-Sapiens-charte-ethique.pdf\">charte \u00e9thique de l&rsquo;association<\/a>.<\/p>\n\n\n\n<p><\/p>\n","protected":false},"excerpt":{"rendered":"<p>Je ne sais pas pour vous, mais moi, les projets avec d&rsquo;autres personnes rythment ma vie depuis un bon nombre d&rsquo;ann\u00e9es. Il y avait certainement une graine quelque part dans l&rsquo;enfance et tout cela a commenc\u00e9 \u00e0 germer vers 12\/13 ans lorsque je me suis retrouv\u00e9 embarqu\u00e9 dans l&rsquo;aventure du scoutisme. Les piliers du scoutisme [&hellip;]<\/p>\n","protected":false},"author":1,"featured_media":0,"comment_status":"open","ping_status":"open","sticky":false,"template":"","format":"aside","meta":{"footnotes":"","_share_on_mastodon":"1"},"categories":[12,2,4],"tags":[161,31,159,160],"class_list":["post-902","post","type-post","status-publish","format-aside","hentry","category-actualite","category-questionnements","category-resolutions","tag-ecologie","tag-mort","tag-sepulture","tag-terramation","post_format-post-format-aside"],"share_on_mastodon":{"url":"https:\/\/framapiaf.org\/@adepetigny\/111232507948760599","error":""},"_links":{"self":[{"href":"https:\/\/www.petigny.com\/albert\/wp-json\/wp\/v2\/posts\/902","targetHints":{"allow":["GET"]}}],"collection":[{"href":"https:\/\/www.petigny.com\/albert\/wp-json\/wp\/v2\/posts"}],"about":[{"href":"https:\/\/www.petigny.com\/albert\/wp-json\/wp\/v2\/types\/post"}],"author":[{"embeddable":true,"href":"https:\/\/www.petigny.com\/albert\/wp-json\/wp\/v2\/users\/1"}],"replies":[{"embeddable":true,"href":"https:\/\/www.petigny.com\/albert\/wp-json\/wp\/v2\/comments?post=902"}],"version-history":[{"count":7,"href":"https:\/\/www.petigny.com\/albert\/wp-json\/wp\/v2\/posts\/902\/revisions"}],"predecessor-version":[{"id":912,"href":"https:\/\/www.petigny.com\/albert\/wp-json\/wp\/v2\/posts\/902\/revisions\/912"}],"wp:attachment":[{"href":"https:\/\/www.petigny.com\/albert\/wp-json\/wp\/v2\/media?parent=902"}],"wp:term":[{"taxonomy":"category","embeddable":true,"href":"https:\/\/www.petigny.com\/albert\/wp-json\/wp\/v2\/categories?post=902"},{"taxonomy":"post_tag","embeddable":true,"href":"https:\/\/www.petigny.com\/albert\/wp-json\/wp\/v2\/tags?post=902"}],"curies":[{"name":"wp","href":"https:\/\/api.w.org\/{rel}","templated":true}]}}