{"id":915,"date":"2024-06-27T16:01:44","date_gmt":"2024-06-27T14:01:44","guid":{"rendered":"http:\/\/www.petigny.com\/albert\/?p=915"},"modified":"2024-06-27T16:06:13","modified_gmt":"2024-06-27T14:06:13","slug":"jai-la-chance-davoir-une-belle-vie","status":"publish","type":"post","link":"https:\/\/www.petigny.com\/albert\/jai-la-chance-davoir-une-belle-vie\/","title":{"rendered":"J&rsquo;ai la chance d&rsquo;avoir une belle vie\u2026"},"content":{"rendered":"\n<figure class=\"wp-block-image size-full\"><img loading=\"lazy\" decoding=\"async\" width=\"943\" height=\"671\" src=\"http:\/\/www.petigny.com\/albert\/wp-content\/uploads\/sites\/2\/2024\/06\/chemin.jpeg\" alt=\"\" class=\"wp-image-917\" srcset=\"https:\/\/www.petigny.com\/albert\/wp-content\/uploads\/sites\/2\/2024\/06\/chemin.jpeg 943w, https:\/\/www.petigny.com\/albert\/wp-content\/uploads\/sites\/2\/2024\/06\/chemin-400x285.jpeg 400w, https:\/\/www.petigny.com\/albert\/wp-content\/uploads\/sites\/2\/2024\/06\/chemin-768x546.jpeg 768w\" sizes=\"auto, (max-width: 943px) 100vw, 943px\" \/><\/figure>\n\n\n\n<p>Aujourd&rsquo;hui, tout juste aujourd&rsquo;hui, en ce 27 juin 2024, cela fait 55 ans que je suis l\u00e0, parmi la communaut\u00e9 des humains.<\/p>\n\n\n\n<p>Je prend le luxe d&rsquo;une pause histoire d&rsquo;essayer de mettre en quelques lignes les mots qui se bousculent dans ma t\u00eate depuis quelques jours.<\/p>\n\n\n\n<p>Le luxe, car, oui, je suis convaincu qu&rsquo;aujourd&rsquo;hui le luxe est de pouvoir disposer au mieux de son temps.<\/p>\n\n\n\n<p>De l&rsquo;ami le mieux attentionn\u00e9 \u00e0 la multinationale sans scrupule le combat pour capter notre attention fait rage.<\/p>\n\n\n\n<p>Se poser<\/p>\n\n\n\n<p>Souffler<\/p>\n\n\n\n<p>Laisser venir les pens\u00e9es<\/p>\n\n\n\n<p>Le voil\u00e0 le vrai luxe.<\/p>\n\n\n\n<p>C&rsquo;est pourquoi ce mot sera court. Juste quelques mots pour marquer cette journ\u00e9e. Remercier toutes celles et ceux que j&rsquo;ai crois\u00e9 au long des ann\u00e9es, tous ces liens cr\u00e9\u00e9s et qui se sont maintenus, \u00e0 ma famille proche et plus \u00e9loign\u00e9e, \u00e0 mes amours, \u00e0 toutes celles et ceux qui m&rsquo;ont accord\u00e9 leur confiance.<\/p>\n\n\n\n<p>Oui, j&rsquo;ai la chance d&rsquo;avoir une belle vie.<\/p>\n\n\n\n<p>Ceci \u00e9tant, lorsque je vois \u00e0 quel point la haine de l&rsquo;autre, le manque de consid\u00e9ration, le m\u00e9pris gangr\u00e8ne notre soci\u00e9t\u00e9 j&rsquo;ai mal. D&rsquo;autant plus mal que malgr\u00e9 mes efforts pour r\u00e9guli\u00e8rement sortir de ma bulle, rencontrer d&rsquo;autres cercles, je me rends compte que tout cela ne suffit pas.<\/p>\n\n\n\n<p>J&rsquo;aspire \u00e0 une soci\u00e9t\u00e9 plus juste, une soci\u00e9t\u00e9 dans laquelle chacune et chacun, humain et non humain trouve sa place. Il me semble agir en ce sens avec les moyens qui sont les miens. J&rsquo;esp\u00e8re pouvoir encore le faire pendant de longues ann\u00e9es.<\/p>\n\n\n\n<p>Je nous aime.<br>Belle et longue vie \u00e0 nous.<\/p>\n\n\n\n<p><\/p>\n","protected":false},"excerpt":{"rendered":"<p>Aujourd&rsquo;hui, tout juste aujourd&rsquo;hui, en ce 27 juin 2024, cela fait 55 ans que je suis l\u00e0, parmi la communaut\u00e9 des humains. Je prend le luxe d&rsquo;une pause histoire d&rsquo;essayer de mettre en quelques lignes les mots qui se bousculent dans ma t\u00eate depuis quelques jours. Le luxe, car, oui, je suis convaincu qu&rsquo;aujourd&rsquo;hui le [&hellip;]<\/p>\n","protected":false},"author":1,"featured_media":0,"comment_status":"open","ping_status":"open","sticky":false,"template":"","format":"aside","meta":{"footnotes":"","_share_on_mastodon":"1"},"categories":[23,30],"tags":[],"class_list":["post-915","post","type-post","status-publish","format-aside","hentry","category-souvenir","category-textes","post_format-post-format-aside"],"share_on_mastodon":{"url":"https:\/\/framapiaf.org\/@adepetigny\/112688949230685508","error":""},"_links":{"self":[{"href":"https:\/\/www.petigny.com\/albert\/wp-json\/wp\/v2\/posts\/915","targetHints":{"allow":["GET"]}}],"collection":[{"href":"https:\/\/www.petigny.com\/albert\/wp-json\/wp\/v2\/posts"}],"about":[{"href":"https:\/\/www.petigny.com\/albert\/wp-json\/wp\/v2\/types\/post"}],"author":[{"embeddable":true,"href":"https:\/\/www.petigny.com\/albert\/wp-json\/wp\/v2\/users\/1"}],"replies":[{"embeddable":true,"href":"https:\/\/www.petigny.com\/albert\/wp-json\/wp\/v2\/comments?post=915"}],"version-history":[{"count":5,"href":"https:\/\/www.petigny.com\/albert\/wp-json\/wp\/v2\/posts\/915\/revisions"}],"predecessor-version":[{"id":921,"href":"https:\/\/www.petigny.com\/albert\/wp-json\/wp\/v2\/posts\/915\/revisions\/921"}],"wp:attachment":[{"href":"https:\/\/www.petigny.com\/albert\/wp-json\/wp\/v2\/media?parent=915"}],"wp:term":[{"taxonomy":"category","embeddable":true,"href":"https:\/\/www.petigny.com\/albert\/wp-json\/wp\/v2\/categories?post=915"},{"taxonomy":"post_tag","embeddable":true,"href":"https:\/\/www.petigny.com\/albert\/wp-json\/wp\/v2\/tags?post=915"}],"curies":[{"name":"wp","href":"https:\/\/api.w.org\/{rel}","templated":true}]}}